{"id":52512,"date":"2015-02-06T15:16:00","date_gmt":"2015-02-06T15:16:00","guid":{"rendered":"https:\/\/arefnayed.com\/?p=52512"},"modified":"2021-04-04T05:22:48","modified_gmt":"2021-04-04T05:22:48","slug":"etat-islamique-le-comite-des-droits-de-lenfant-sonne-lalarme","status":"publish","type":"post","link":"https:\/\/arefnayed.com\/en\/posts\/52512\/","title":{"rendered":"Etat Islamique: le comit\u00e9 des droits de l\u2019enfant sonne l\u2019alarme"},"content":{"rendered":"\n<p>Le Comit\u00e9 des droits de l&#8217;enfant (CRC), organisme des Nations unies, a publi\u00e9 cette semaine un rapport effrayant d\u00e9non\u00e7ant les exactions d\u2019EI. Des enfants irakiens sont ainsi utilis\u00e9s comme kamikazes, boucliers humains, esclaves sexuels ou encore sont tortur\u00e9s et assassin\u00e9s.<\/p>\n\n\n\n<p>Des enfants irakiens des minorit\u00e9s Yazidi ou chr\u00e9tiennes, mais aussi des handicap\u00e9s mentaux sont les cibles privil\u00e9gi\u00e9es des membres de l\u2019Etat Islamique. Le rapport de l\u2019ONU d\u00e9nonce&nbsp; ainsi &#8220;l&#8217;assassinat syst\u00e9matique d&#8217;enfants appartenant \u00e0 des minorit\u00e9s religieuses ou ethniques&#8221;. Il relate plusieurs cas d&#8217;ex\u00e9cutions de masse de gar\u00e7ons, ainsi que des d\u00e9capitations, des crucifixions et des ensevelissements d&#8217;enfants vivants. Il fait \u00e9galement \u00e9tat viols et notamment d&#8217;enl\u00e8vement et d&#8217;asservissement sexuel d&#8217;enfants. &#8220;Les enfants des minorit\u00e9s ont \u00e9t\u00e9 captur\u00e9s dans beaucoup d&#8217;endroits, vendus sur des march\u00e9s avec sur eux des \u00e9tiquettes portant des prix, ils ont \u00e9t\u00e9 vendus comme esclaves&#8221; explique le rapport du CRC, dont la t\u00e2che consiste \u00e0 s&#8217;assurer que les Etats respectent la mise en oeuvre des trait\u00e9s internationaux relatifs aux droits des mineurs.<\/p>\n\n\n\n<p><em>Source: <a href=\"https:\/\/www.humanite.fr\/\">www.humanite.fr<\/a><\/em><\/p>\n\n\n\n<div style=\"height:16px\" aria-hidden=\"true\" class=\"wp-block-spacer\"><\/div>\n\n\n\n<div class=\"wp-block-buttons is-content-justification-left is-layout-flex wp-block-buttons-is-layout-flex\">\n<div class=\"wp-block-button\"><a class=\"wp-block-button__link has-white-color has-text-color has-background no-border-radius\" href=\"https:\/\/www.humanite.fr\/etat-islamique-le-comite-des-droits-de-lenfant-sonne-lalarme-564920\" style=\"background-color:#0061af\" target=\"_blank\" rel=\"noreferrer noopener\">Read Article<\/a><\/div>\n<\/div>\n","protected":false},"excerpt":{"rendered":"<p>Le Comit\u00e9 des droits de l&#8217;enfant (CRC), organisme des Nations unies, a publi\u00e9 cette semaine un rapport effrayant d\u00e9non\u00e7ant les exactions d\u2019EI. Des enfants irakiens sont ainsi utilis\u00e9s comme kamikazes, boucliers humains, esclaves sexuels ou encore sont tortur\u00e9s et assassin\u00e9s. Des enfants irakiens des minorit\u00e9s Yazidi ou chr\u00e9tiennes, mais aussi des handicap\u00e9s mentaux sont les [&hellip;]<\/p>\n","protected":false},"author":2,"featured_media":54026,"comment_status":"closed","ping_status":"closed","sticky":false,"template":"","format":"link","meta":{"_et_pb_use_builder":"off","_et_pb_old_content":"<p>The Islamic State terrorist group likely will launch an attack on Italy within weeks, not months, according to a senior Libyan government official.<\/p>\n<p><strong>Aref Ali Nayed<\/strong>, Libya\u2019s ambassador to the United Arab Emirates, said in an interview that one likely method of attack would be to use stolen Libyan airliners now believed to be in the hands of Islamists in Libya.<\/p>\n\n<!-- wp:spacer {\"height\":16} -->\n<div style=\"height:16px\" aria-hidden=\"true\" class=\"wp-block-spacer\"><\/div>\n<!-- \/wp:spacer -->\n\n<!-- wp:buttons {\"align\":\"left\"} -->\n<div class=\"wp-block-buttons alignleft\"><!-- wp:button {\"borderRadius\":0,\"style\":{\"color\":{\"background\":\"#0061af\"}},\"textColor\":\"white\"} -->\n<div class=\"wp-block-button\"><a class=\"wp-block-button__link has-white-color has-text-color has-background no-border-radius\" href=\"https:\/\/www.washingtontimes.com\/news\/2015\/mar\/25\/inside-the-ring-islamic-state-likely-to-attack-ita\/\" style=\"background-color:#0061af\" target=\"_blank\" rel=\"noreferrer noopener\">Read Article<\/a><\/div>\n<!-- \/wp:button --><\/div>\n<!-- \/wp:buttons -->","_et_gb_content_width":"","footnotes":""},"categories":[9,52],"tags":[67],"class_list":["post-52512","post","type-post","status-publish","format-link","has-post-thumbnail","hentry","category-news","category-political-leader-videos","tag-link","post_format-post-format-link"],"aioseo_notices":[],"_links":{"self":[{"href":"https:\/\/arefnayed.com\/en\/wp-json\/wp\/v2\/posts\/52512","targetHints":{"allow":["GET"]}}],"collection":[{"href":"https:\/\/arefnayed.com\/en\/wp-json\/wp\/v2\/posts"}],"about":[{"href":"https:\/\/arefnayed.com\/en\/wp-json\/wp\/v2\/types\/post"}],"author":[{"embeddable":true,"href":"https:\/\/arefnayed.com\/en\/wp-json\/wp\/v2\/users\/2"}],"replies":[{"embeddable":true,"href":"https:\/\/arefnayed.com\/en\/wp-json\/wp\/v2\/comments?post=52512"}],"version-history":[{"count":0,"href":"https:\/\/arefnayed.com\/en\/wp-json\/wp\/v2\/posts\/52512\/revisions"}],"wp:featuredmedia":[{"embeddable":true,"href":"https:\/\/arefnayed.com\/en\/wp-json\/wp\/v2\/media\/54026"}],"wp:attachment":[{"href":"https:\/\/arefnayed.com\/en\/wp-json\/wp\/v2\/media?parent=52512"}],"wp:term":[{"taxonomy":"category","embeddable":true,"href":"https:\/\/arefnayed.com\/en\/wp-json\/wp\/v2\/categories?post=52512"},{"taxonomy":"post_tag","embeddable":true,"href":"https:\/\/arefnayed.com\/en\/wp-json\/wp\/v2\/tags?post=52512"}],"curies":[{"name":"wp","href":"https:\/\/api.w.org\/{rel}","templated":true}]}}